{"id":1005,"date":"2020-09-20T13:52:33","date_gmt":"2020-09-20T11:52:33","guid":{"rendered":"http:\/\/oposalvent.cat\/?p=1005"},"modified":"2020-09-20T14:00:33","modified_gmt":"2020-09-20T12:00:33","slug":"especialitat-de-llengua-anglesa-queden-poques-places-2020-2021","status":"publish","type":"post","link":"http:\/\/oposalvent.cat\/index.php\/2020\/09\/20\/especialitat-de-llengua-anglesa-queden-poques-places-2020-2021\/","title":{"rendered":"Especialitat de llengua anglesa: queden poques places! [2020-2021]"},"content":{"rendered":"<div class=\"fusion-fullwidth fullwidth-box fusion-builder-row-1 nonhundred-percent-fullwidth non-hundred-percent-height-scrolling\" style=\"background-color: rgba(255,255,255,0);background-position: center center;background-repeat: no-repeat;padding-top:0px;padding-right:0px;padding-bottom:0px;padding-left:0px;margin-bottom: 0px;margin-top: 0px;border-width: 0px 0px 0px 0px;border-color:#eae9e9;border-style:solid;\" ><div class=\"fusion-builder-row fusion-row\"><div class=\"fusion-layout-column fusion_builder_column fusion-builder-column-0 fusion_builder_column_1_1 1_1 fusion-one-full fusion-column-first fusion-column-last\" style=\"margin-top:0px;margin-bottom:20px;\"><div class=\"fusion-column-wrapper fusion-flex-column-wrapper-legacy\" style=\"background-position:left top;background-repeat:no-repeat;-webkit-background-size:cover;-moz-background-size:cover;-o-background-size:cover;background-size:cover;padding: 0px 0px 0px 0px;\"><style type=\"text\/css\"><\/style><div class=\"fusion-title title fusion-title-1 fusion-title-text fusion-title-size-one\" style=\"margin-top:0px;margin-right:0px;margin-bottom:31px;margin-left:0px;\"><h1 class=\"title-heading-left\" style=\"margin:0;\"><h2><strong>LLENGUA ANGLESA: CONVOCAT\u00d2RIA OBERTA AMB POQUES PLACES [2020-2021]<\/strong><\/h2><\/h1><span class=\"awb-title-spacer\"><\/span><div class=\"title-sep-container\"><div class=\"title-sep sep-\" style=\"border-color:#eff3f9;\"><\/div><\/div><\/div><div class=\"fusion-text fusion-text-1\"><p>Tenim oberta encara la inscripci\u00f3 en grups de llengua anglesa als grups redu\u00efts encara aquest mes de setembre. Si est\u00e0s interessat\/a en assistir a classes amb grups redu\u00efts, preparaci\u00f3 de la programaci\u00f3, temari complet per a les proves, sup\u00f2sits pr\u00e0ctics, etc., posa&#8217;t en contacte amb nosaltres!<\/p>\n<\/div><div class=\"fusion-clearfix\"><\/div><\/div><\/div><\/div><\/div>\n","protected":false},"excerpt":{"rendered":"","protected":false},"author":1,"featured_media":1007,"comment_status":"open","ping_status":"open","sticky":false,"template":"","format":"standard","meta":[],"categories":[18],"tags":[19,22,20,21],"_links":{"self":[{"href":"http:\/\/oposalvent.cat\/index.php\/wp-json\/wp\/v2\/posts\/1005"}],"collection":[{"href":"http:\/\/oposalvent.cat\/index.php\/wp-json\/wp\/v2\/posts"}],"about":[{"href":"http:\/\/oposalvent.cat\/index.php\/wp-json\/wp\/v2\/types\/post"}],"author":[{"embeddable":true,"href":"http:\/\/oposalvent.cat\/index.php\/wp-json\/wp\/v2\/users\/1"}],"replies":[{"embeddable":true,"href":"http:\/\/oposalvent.cat\/index.php\/wp-json\/wp\/v2\/comments?post=1005"}],"version-history":[{"count":4,"href":"http:\/\/oposalvent.cat\/index.php\/wp-json\/wp\/v2\/posts\/1005\/revisions"}],"predecessor-version":[{"id":1013,"href":"http:\/\/oposalvent.cat\/index.php\/wp-json\/wp\/v2\/posts\/1005\/revisions\/1013"}],"wp:featuredmedia":[{"embeddable":true,"href":"http:\/\/oposalvent.cat\/index.php\/wp-json\/wp\/v2\/media\/1007"}],"wp:attachment":[{"href":"http:\/\/oposalvent.cat\/index.php\/wp-json\/wp\/v2\/media?parent=1005"}],"wp:term":[{"taxonomy":"category","embeddable":true,"href":"http:\/\/oposalvent.cat\/index.php\/wp-json\/wp\/v2\/categories?post=1005"},{"taxonomy":"post_tag","embeddable":true,"href":"http:\/\/oposalvent.cat\/index.php\/wp-json\/wp\/v2\/tags?post=1005"}],"curies":[{"name":"wp","href":"https:\/\/api.w.org\/{rel}","templated":true}]}}